{"id":1418,"date":"2023-12-24T18:07:20","date_gmt":"2023-12-24T17:07:20","guid":{"rendered":"https:\/\/karateclubmetz.fr\/?p=1418"},"modified":"2023-12-24T18:09:17","modified_gmt":"2023-12-24T17:09:17","slug":"cours-pendant-les-vacances-de-noel","status":"publish","type":"post","link":"https:\/\/karateclubmetz.fr\/?p=1418","title":{"rendered":"Cours pendant les vacances de No\u00ebl"},"content":{"rendered":"\t\t<div data-elementor-type=\"wp-post\" data-elementor-id=\"1418\" class=\"elementor elementor-1418\">\n\t\t\t\t\t\t<section class=\"elementor-section elementor-top-section elementor-element elementor-element-76be6ab elementor-section-boxed elementor-section-height-default elementor-section-height-default\" data-id=\"76be6ab\" data-element_type=\"section\">\n\t\t\t\t\t\t<div class=\"elementor-container elementor-column-gap-default\">\n\t\t\t\t\t<div class=\"elementor-column elementor-col-100 elementor-top-column elementor-element elementor-element-0959412\" data-id=\"0959412\" data-element_type=\"column\">\n\t\t\t<div class=\"elementor-widget-wrap elementor-element-populated\">\n\t\t\t\t\t\t<div class=\"elementor-element elementor-element-b4c6819 elementor-widget elementor-widget-text-editor\" data-id=\"b4c6819\" data-element_type=\"widget\" data-widget_type=\"text-editor.default\">\n\t\t\t\t<div class=\"elementor-widget-container\">\n\t\t\t\t\t\t\t<div class=\"x11i5rnm xat24cr x1mh8g0r x1vvkbs xtlvy1s x126k92a\"><h5 dir=\"auto\">Borny<\/h5><div dir=\"auto\">Il y aura cours enfants le mercredi 27\/12 de 16h45 \u00e0 17h45. Pas de cours baby le 27\/12.<\/div><div dir=\"auto\">Cours ados-adultes tous niveaux le mercredi 27\/12 de 18h15 \u00e0 20h00 et le jeudi 28\/12 aux heures habituelles<\/div><\/div><div class=\"x11i5rnm xat24cr x1mh8g0r x1vvkbs xtlvy1s x126k92a\"><div dir=\"auto\">Reprise des cours normalement le 3 janvier pour toutes les sections.<\/div><\/div><div class=\"x11i5rnm xat24cr x1mh8g0r x1vvkbs xtlvy1s x126k92a\"><div dir=\"auto\">\u00a0<\/div><h5 dir=\"auto\">Les Ar\u00e8nes<\/h5><div dir=\"auto\">Les Ar\u00e8nes sont ferm\u00e9es du 23\/12 au 1er janvier. Reprise des cours pour toutes les sections le mardi 2 janvier<\/div><\/div><div class=\"x11i5rnm xat24cr x1mh8g0r x1vvkbs xtlvy1s x126k92a\"><div dir=\"auto\">\u00a0<\/div><h5 dir=\"auto\">Magny<\/h5><div dir=\"auto\">La salle est ferm\u00e9e durant toutes les vacances scolaires. Reprise des cours le mardi 9 janvier.<\/div><\/div>\t\t\t\t\t\t<\/div>\n\t\t\t\t<\/div>\n\t\t\t\t\t<\/div>\n\t\t<\/div>\n\t\t\t\t\t<\/div>\n\t\t<\/section>\n\t\t\t\t<\/div>\n\t\t","protected":false},"excerpt":{"rendered":"<p>Borny Il y aura cours enfants le mercredi 27\/12 de 16h45 \u00e0 17h45. Pas de cours baby le 27\/12.Cours ados-adultes tous niveaux [&hellip;]<\/p>\n","protected":false},"author":1,"featured_media":0,"comment_status":"open","ping_status":"open","sticky":false,"template":"","format":"standard","meta":{"footnotes":""},"categories":[3],"tags":[],"class_list":["post-1418","post","type-post","status-publish","format-standard","hentry","category-vie-du-club"],"yoast_head":"<!-- This site is optimized with the Yoast SEO plugin v23.3 - https:\/\/yoast.com\/wordpress\/plugins\/seo\/ -->\n<title>Cours pendant les vacances de No\u00ebl - Karat\u00e9 Club de Metz<\/title>\n<meta name=\"robots\" content=\"index, follow, max-snippet:-1, max-image-preview:large, max-video-preview:-1\" \/>\n<link rel=\"canonical\" href=\"https:\/\/karateclubmetz.fr\/?p=1418\" \/>\n<meta property=\"og:locale\" content=\"fr_FR\" \/>\n<meta property=\"og:type\" content=\"article\" \/>\n<meta property=\"og:title\" content=\"Cours pendant les vacances de No\u00ebl - Karat\u00e9 Club de Metz\" \/>\n<meta property=\"og:description\" content=\"Borny Il y aura cours enfants le mercredi 27\/12 de 16h45 \u00e0 17h45. Pas de cours baby le 27\/12.Cours ados-adultes tous niveaux [&hellip;]\" \/>\n<meta property=\"og:url\" content=\"https:\/\/karateclubmetz.fr\/?p=1418\" \/>\n<meta property=\"og:site_name\" content=\"Karat\u00e9 Club de Metz\" \/>\n<meta property=\"article:publisher\" content=\"http:\/\/www.facebook.com\/group.php?gid=107459822611766\" \/>\n<meta property=\"article:published_time\" content=\"2023-12-24T17:07:20+00:00\" \/>\n<meta property=\"article:modified_time\" content=\"2023-12-24T17:09:17+00:00\" \/>\n<meta name=\"author\" content=\"admin5625\" \/>\n<meta name=\"twitter:card\" content=\"summary_large_image\" \/>\n<meta name=\"twitter:label1\" content=\"\u00c9crit par\" \/>\n\t<meta name=\"twitter:data1\" content=\"admin5625\" \/>\n\t<meta name=\"twitter:label2\" content=\"Dur\u00e9e de lecture estim\u00e9e\" \/>\n\t<meta name=\"twitter:data2\" content=\"1 minute\" \/>\n<script type=\"application\/ld+json\" class=\"yoast-schema-graph\">{\"@context\":\"https:\/\/schema.org\",\"@graph\":[{\"@type\":\"Article\",\"@id\":\"https:\/\/karateclubmetz.fr\/?p=1418#article\",\"isPartOf\":{\"@id\":\"https:\/\/karateclubmetz.fr\/?p=1418\"},\"author\":{\"name\":\"admin5625\",\"@id\":\"https:\/\/karateclubmetz.fr\/#\/schema\/person\/10938ad0e138955389ff178e0d717ddf\"},\"headline\":\"Cours pendant les vacances de No\u00ebl\",\"datePublished\":\"2023-12-24T17:07:20+00:00\",\"dateModified\":\"2023-12-24T17:09:17+00:00\",\"mainEntityOfPage\":{\"@id\":\"https:\/\/karateclubmetz.fr\/?p=1418\"},\"wordCount\":84,\"commentCount\":0,\"publisher\":{\"@id\":\"https:\/\/karateclubmetz.fr\/#organization\"},\"articleSection\":[\"Vie du Club\"],\"inLanguage\":\"fr-FR\",\"potentialAction\":[{\"@type\":\"CommentAction\",\"name\":\"Comment\",\"target\":[\"https:\/\/karateclubmetz.fr\/?p=1418#respond\"]}]},{\"@type\":\"WebPage\",\"@id\":\"https:\/\/karateclubmetz.fr\/?p=1418\",\"url\":\"https:\/\/karateclubmetz.fr\/?p=1418\",\"name\":\"Cours pendant les vacances de No\u00ebl - Karat\u00e9 Club de Metz\",\"isPartOf\":{\"@id\":\"https:\/\/karateclubmetz.fr\/#website\"},\"datePublished\":\"2023-12-24T17:07:20+00:00\",\"dateModified\":\"2023-12-24T17:09:17+00:00\",\"breadcrumb\":{\"@id\":\"https:\/\/karateclubmetz.fr\/?p=1418#breadcrumb\"},\"inLanguage\":\"fr-FR\",\"potentialAction\":[{\"@type\":\"ReadAction\",\"target\":[\"https:\/\/karateclubmetz.fr\/?p=1418\"]}]},{\"@type\":\"BreadcrumbList\",\"@id\":\"https:\/\/karateclubmetz.fr\/?p=1418#breadcrumb\",\"itemListElement\":[{\"@type\":\"ListItem\",\"position\":1,\"name\":\"Accueil\",\"item\":\"https:\/\/karateclubmetz.fr\/\"},{\"@type\":\"ListItem\",\"position\":2,\"name\":\"Cours pendant les vacances de No\u00ebl\"}]},{\"@type\":\"WebSite\",\"@id\":\"https:\/\/karateclubmetz.fr\/#website\",\"url\":\"https:\/\/karateclubmetz.fr\/\",\"name\":\"Karat\u00e9 Club de Metz\",\"description\":\"Le Karat\u00e9 est dans tout ce que vous faites, L\u00e0 est la beaut\u00e9 du travail\",\"publisher\":{\"@id\":\"https:\/\/karateclubmetz.fr\/#organization\"},\"potentialAction\":[{\"@type\":\"SearchAction\",\"target\":{\"@type\":\"EntryPoint\",\"urlTemplate\":\"https:\/\/karateclubmetz.fr\/?s={search_term_string}\"},\"query-input\":\"required name=search_term_string\"}],\"inLanguage\":\"fr-FR\"},{\"@type\":\"Organization\",\"@id\":\"https:\/\/karateclubmetz.fr\/#organization\",\"name\":\"Karat\u00e9 Club de Metz\",\"url\":\"https:\/\/karateclubmetz.fr\/\",\"logo\":{\"@type\":\"ImageObject\",\"inLanguage\":\"fr-FR\",\"@id\":\"https:\/\/karateclubmetz.fr\/#\/schema\/logo\/image\/\",\"url\":\"https:\/\/karateclubmetz.fr\/wp-content\/uploads\/2019\/09\/logo_kcm.jpg\",\"contentUrl\":\"https:\/\/karateclubmetz.fr\/wp-content\/uploads\/2019\/09\/logo_kcm.jpg\",\"width\":157,\"height\":157,\"caption\":\"Karat\u00e9 Club de Metz\"},\"image\":{\"@id\":\"https:\/\/karateclubmetz.fr\/#\/schema\/logo\/image\/\"},\"sameAs\":[\"http:\/\/www.facebook.com\/group.php?gid=107459822611766\",\"https:\/\/instagram.com\/karate_club_de_metz?igshid=181ca0zciwjvq\",\"https:\/\/www.youtube.com\/watch?v=nm26u2MIRwY\"]},{\"@type\":\"Person\",\"@id\":\"https:\/\/karateclubmetz.fr\/#\/schema\/person\/10938ad0e138955389ff178e0d717ddf\",\"name\":\"admin5625\",\"image\":{\"@type\":\"ImageObject\",\"inLanguage\":\"fr-FR\",\"@id\":\"https:\/\/karateclubmetz.fr\/#\/schema\/person\/image\/\",\"url\":\"https:\/\/secure.gravatar.com\/avatar\/6b7d245f8237d20bfa786356ac2b49c5?s=96&d=mm&r=g\",\"contentUrl\":\"https:\/\/secure.gravatar.com\/avatar\/6b7d245f8237d20bfa786356ac2b49c5?s=96&d=mm&r=g\",\"caption\":\"admin5625\"}}]}<\/script>\n<!-- \/ Yoast SEO plugin. -->","yoast_head_json":{"title":"Cours pendant les vacances de No\u00ebl - Karat\u00e9 Club de Metz","robots":{"index":"index","follow":"follow","max-snippet":"max-snippet:-1","max-image-preview":"max-image-preview:large","max-video-preview":"max-video-preview:-1"},"canonical":"https:\/\/karateclubmetz.fr\/?p=1418","og_locale":"fr_FR","og_type":"article","og_title":"Cours pendant les vacances de No\u00ebl - Karat\u00e9 Club de Metz","og_description":"Borny Il y aura cours enfants le mercredi 27\/12 de 16h45 \u00e0 17h45. Pas de cours baby le 27\/12.Cours ados-adultes tous niveaux [&hellip;]","og_url":"https:\/\/karateclubmetz.fr\/?p=1418","og_site_name":"Karat\u00e9 Club de Metz","article_publisher":"http:\/\/www.facebook.com\/group.php?gid=107459822611766","article_published_time":"2023-12-24T17:07:20+00:00","article_modified_time":"2023-12-24T17:09:17+00:00","author":"admin5625","twitter_card":"summary_large_image","twitter_misc":{"\u00c9crit par":"admin5625","Dur\u00e9e de lecture estim\u00e9e":"1 minute"},"schema":{"@context":"https:\/\/schema.org","@graph":[{"@type":"Article","@id":"https:\/\/karateclubmetz.fr\/?p=1418#article","isPartOf":{"@id":"https:\/\/karateclubmetz.fr\/?p=1418"},"author":{"name":"admin5625","@id":"https:\/\/karateclubmetz.fr\/#\/schema\/person\/10938ad0e138955389ff178e0d717ddf"},"headline":"Cours pendant les vacances de No\u00ebl","datePublished":"2023-12-24T17:07:20+00:00","dateModified":"2023-12-24T17:09:17+00:00","mainEntityOfPage":{"@id":"https:\/\/karateclubmetz.fr\/?p=1418"},"wordCount":84,"commentCount":0,"publisher":{"@id":"https:\/\/karateclubmetz.fr\/#organization"},"articleSection":["Vie du Club"],"inLanguage":"fr-FR","potentialAction":[{"@type":"CommentAction","name":"Comment","target":["https:\/\/karateclubmetz.fr\/?p=1418#respond"]}]},{"@type":"WebPage","@id":"https:\/\/karateclubmetz.fr\/?p=1418","url":"https:\/\/karateclubmetz.fr\/?p=1418","name":"Cours pendant les vacances de No\u00ebl - Karat\u00e9 Club de Metz","isPartOf":{"@id":"https:\/\/karateclubmetz.fr\/#website"},"datePublished":"2023-12-24T17:07:20+00:00","dateModified":"2023-12-24T17:09:17+00:00","breadcrumb":{"@id":"https:\/\/karateclubmetz.fr\/?p=1418#breadcrumb"},"inLanguage":"fr-FR","potentialAction":[{"@type":"ReadAction","target":["https:\/\/karateclubmetz.fr\/?p=1418"]}]},{"@type":"BreadcrumbList","@id":"https:\/\/karateclubmetz.fr\/?p=1418#breadcrumb","itemListElement":[{"@type":"ListItem","position":1,"name":"Accueil","item":"https:\/\/karateclubmetz.fr\/"},{"@type":"ListItem","position":2,"name":"Cours pendant les vacances de No\u00ebl"}]},{"@type":"WebSite","@id":"https:\/\/karateclubmetz.fr\/#website","url":"https:\/\/karateclubmetz.fr\/","name":"Karat\u00e9 Club de Metz","description":"Le Karat\u00e9 est dans tout ce que vous faites, L\u00e0 est la beaut\u00e9 du travail","publisher":{"@id":"https:\/\/karateclubmetz.fr\/#organization"},"potentialAction":[{"@type":"SearchAction","target":{"@type":"EntryPoint","urlTemplate":"https:\/\/karateclubmetz.fr\/?s={search_term_string}"},"query-input":"required name=search_term_string"}],"inLanguage":"fr-FR"},{"@type":"Organization","@id":"https:\/\/karateclubmetz.fr\/#organization","name":"Karat\u00e9 Club de Metz","url":"https:\/\/karateclubmetz.fr\/","logo":{"@type":"ImageObject","inLanguage":"fr-FR","@id":"https:\/\/karateclubmetz.fr\/#\/schema\/logo\/image\/","url":"https:\/\/karateclubmetz.fr\/wp-content\/uploads\/2019\/09\/logo_kcm.jpg","contentUrl":"https:\/\/karateclubmetz.fr\/wp-content\/uploads\/2019\/09\/logo_kcm.jpg","width":157,"height":157,"caption":"Karat\u00e9 Club de Metz"},"image":{"@id":"https:\/\/karateclubmetz.fr\/#\/schema\/logo\/image\/"},"sameAs":["http:\/\/www.facebook.com\/group.php?gid=107459822611766","https:\/\/instagram.com\/karate_club_de_metz?igshid=181ca0zciwjvq","https:\/\/www.youtube.com\/watch?v=nm26u2MIRwY"]},{"@type":"Person","@id":"https:\/\/karateclubmetz.fr\/#\/schema\/person\/10938ad0e138955389ff178e0d717ddf","name":"admin5625","image":{"@type":"ImageObject","inLanguage":"fr-FR","@id":"https:\/\/karateclubmetz.fr\/#\/schema\/person\/image\/","url":"https:\/\/secure.gravatar.com\/avatar\/6b7d245f8237d20bfa786356ac2b49c5?s=96&d=mm&r=g","contentUrl":"https:\/\/secure.gravatar.com\/avatar\/6b7d245f8237d20bfa786356ac2b49c5?s=96&d=mm&r=g","caption":"admin5625"}}]}},"_links":{"self":[{"href":"https:\/\/karateclubmetz.fr\/index.php?rest_route=\/wp\/v2\/posts\/1418"}],"collection":[{"href":"https:\/\/karateclubmetz.fr\/index.php?rest_route=\/wp\/v2\/posts"}],"about":[{"href":"https:\/\/karateclubmetz.fr\/index.php?rest_route=\/wp\/v2\/types\/post"}],"author":[{"embeddable":true,"href":"https:\/\/karateclubmetz.fr\/index.php?rest_route=\/wp\/v2\/users\/1"}],"replies":[{"embeddable":true,"href":"https:\/\/karateclubmetz.fr\/index.php?rest_route=%2Fwp%2Fv2%2Fcomments&post=1418"}],"version-history":[{"count":4,"href":"https:\/\/karateclubmetz.fr\/index.php?rest_route=\/wp\/v2\/posts\/1418\/revisions"}],"predecessor-version":[{"id":1422,"href":"https:\/\/karateclubmetz.fr\/index.php?rest_route=\/wp\/v2\/posts\/1418\/revisions\/1422"}],"wp:attachment":[{"href":"https:\/\/karateclubmetz.fr\/index.php?rest_route=%2Fwp%2Fv2%2Fmedia&parent=1418"}],"wp:term":[{"taxonomy":"category","embeddable":true,"href":"https:\/\/karateclubmetz.fr\/index.php?rest_route=%2Fwp%2Fv2%2Fcategories&post=1418"},{"taxonomy":"post_tag","embeddable":true,"href":"https:\/\/karateclubmetz.fr\/index.php?rest_route=%2Fwp%2Fv2%2Ftags&post=1418"}],"curies":[{"name":"wp","href":"https:\/\/api.w.org\/{rel}","templated":true}]}}