{"id":753,"date":"2021-02-14T18:42:23","date_gmt":"2021-02-14T17:42:23","guid":{"rendered":"https:\/\/karateclubmetz.fr\/?p=753"},"modified":"2021-02-14T18:42:24","modified_gmt":"2021-02-14T17:42:24","slug":"notre-sensei-joel-eleve-au-grade-de-7eme-dan","status":"publish","type":"post","link":"https:\/\/karateclubmetz.fr\/?p=753","title":{"rendered":"Notre Sensei Jo\u00ebl \u00e9lev\u00e9 au grade de 7\u00e8me dan"},"content":{"rendered":"\n<p>Le karat\u00e9 club de Metz est tr\u00e8s fier de vous annoncer que notre sensei Joel Nunes a \u00e9t\u00e9 \u00e9lev\u00e9 au grade de 7eme dan hier. Ceci r\u00e9compense son travail acharn\u00e9 et passionn\u00e9, avec toujours le soucis de transmettre et de partager son art. &nbsp; N\u2019oublions pas Fabrice Diedrich son partenaire, qui s\u2019est investi sans compter et a fourni un travail de grande qualit\u00e9. &nbsp;<\/p>\n\n\n\n<div class=\"wp-block-image\"><figure class=\"aligncenter\"><img fetchpriority=\"high\" decoding=\"async\" width=\"524\" height=\"720\" src=\"https:\/\/karateclubmetz.fr\/wp-content\/uploads\/2021\/02\/7emedan_joel.jpg\" alt=\"\" class=\"wp-image-751\" srcset=\"https:\/\/karateclubmetz.fr\/wp-content\/uploads\/2021\/02\/7emedan_joel.jpg 524w, https:\/\/karateclubmetz.fr\/wp-content\/uploads\/2021\/02\/7emedan_joel-218x300.jpg 218w, https:\/\/karateclubmetz.fr\/wp-content\/uploads\/2021\/02\/7emedan_joel-230x316.jpg 230w, https:\/\/karateclubmetz.fr\/wp-content\/uploads\/2021\/02\/7emedan_joel-350x481.jpg 350w, https:\/\/karateclubmetz.fr\/wp-content\/uploads\/2021\/02\/7emedan_joel-480x660.jpg 480w\" sizes=\"(max-width: 524px) 100vw, 524px\" \/><\/figure><\/div>\n\n\n\n<p>Nous, \u00e9l\u00e8ves ne pouvons que nous incliner et faire honneur \u00e0 notre sensei en travaillant et nous donnant \u00e0 fond dans le respect et l\u2019humilit\u00e9. \u00a0<\/p>\n\n\n\n<p><a href=\"http:\/\/sites.ffkarate.fr\/grandest\/actualites\/deux-nouveau-grades-7eme-dan-en-ligue-grand-est-joel-nunes-et-laurent-valentin\/?fbclid=IwAR2JaOEmK4nYjc1TTTyUYduPMPBX1FHZSWECMcRW6-frAOVD3GL2AwDEjA4#.YAVUusi5ql4.facebook\" target=\"_blank\" rel=\"noreferrer noopener\">Lire l&rsquo;article de la Ligue Grand Est<\/a><\/p>\n","protected":false},"excerpt":{"rendered":"<p>Le karat\u00e9 club de Metz est tr\u00e8s fier de vous annoncer que notre sensei Joel Nunes a \u00e9t\u00e9 \u00e9lev\u00e9 au grade de [&hellip;]<\/p>\n","protected":false},"author":1,"featured_media":0,"comment_status":"open","ping_status":"open","sticky":false,"template":"","format":"standard","meta":{"footnotes":""},"categories":[3],"tags":[],"class_list":["post-753","post","type-post","status-publish","format-standard","hentry","category-vie-du-club"],"yoast_head":"<!-- This site is optimized with the Yoast SEO plugin v23.3 - https:\/\/yoast.com\/wordpress\/plugins\/seo\/ -->\n<title>Notre Sensei Jo\u00ebl \u00e9lev\u00e9 au grade de 7\u00e8me dan - Karat\u00e9 Club de Metz<\/title>\n<meta name=\"robots\" content=\"index, follow, max-snippet:-1, max-image-preview:large, max-video-preview:-1\" \/>\n<link rel=\"canonical\" href=\"https:\/\/karateclubmetz.fr\/?p=753\" \/>\n<meta property=\"og:locale\" content=\"fr_FR\" \/>\n<meta property=\"og:type\" content=\"article\" \/>\n<meta property=\"og:title\" content=\"Notre Sensei Jo\u00ebl \u00e9lev\u00e9 au grade de 7\u00e8me dan - Karat\u00e9 Club de Metz\" \/>\n<meta property=\"og:description\" content=\"Le karat\u00e9 club de Metz est tr\u00e8s fier de vous annoncer que notre sensei Joel Nunes a \u00e9t\u00e9 \u00e9lev\u00e9 au grade de [&hellip;]\" \/>\n<meta property=\"og:url\" content=\"https:\/\/karateclubmetz.fr\/?p=753\" \/>\n<meta property=\"og:site_name\" content=\"Karat\u00e9 Club de Metz\" \/>\n<meta property=\"article:publisher\" content=\"http:\/\/www.facebook.com\/group.php?gid=107459822611766\" \/>\n<meta property=\"article:published_time\" content=\"2021-02-14T17:42:23+00:00\" \/>\n<meta property=\"article:modified_time\" content=\"2021-02-14T17:42:24+00:00\" \/>\n<meta property=\"og:image\" content=\"https:\/\/karateclubmetz.fr\/wp-content\/uploads\/2021\/02\/7emedan_joel.jpg\" \/>\n<meta name=\"author\" content=\"admin5625\" \/>\n<meta name=\"twitter:card\" content=\"summary_large_image\" \/>\n<meta name=\"twitter:label1\" content=\"\u00c9crit par\" \/>\n\t<meta name=\"twitter:data1\" content=\"admin5625\" \/>\n\t<meta name=\"twitter:label2\" content=\"Dur\u00e9e de lecture estim\u00e9e\" \/>\n\t<meta name=\"twitter:data2\" content=\"1 minute\" \/>\n<script type=\"application\/ld+json\" class=\"yoast-schema-graph\">{\"@context\":\"https:\/\/schema.org\",\"@graph\":[{\"@type\":\"Article\",\"@id\":\"https:\/\/karateclubmetz.fr\/?p=753#article\",\"isPartOf\":{\"@id\":\"https:\/\/karateclubmetz.fr\/?p=753\"},\"author\":{\"name\":\"admin5625\",\"@id\":\"https:\/\/karateclubmetz.fr\/#\/schema\/person\/10938ad0e138955389ff178e0d717ddf\"},\"headline\":\"Notre Sensei Jo\u00ebl \u00e9lev\u00e9 au grade de 7\u00e8me dan\",\"datePublished\":\"2021-02-14T17:42:23+00:00\",\"dateModified\":\"2021-02-14T17:42:24+00:00\",\"mainEntityOfPage\":{\"@id\":\"https:\/\/karateclubmetz.fr\/?p=753\"},\"wordCount\":110,\"commentCount\":0,\"publisher\":{\"@id\":\"https:\/\/karateclubmetz.fr\/#organization\"},\"image\":{\"@id\":\"https:\/\/karateclubmetz.fr\/?p=753#primaryimage\"},\"thumbnailUrl\":\"https:\/\/karateclubmetz.fr\/wp-content\/uploads\/2021\/02\/7emedan_joel.jpg\",\"articleSection\":[\"Vie du Club\"],\"inLanguage\":\"fr-FR\",\"potentialAction\":[{\"@type\":\"CommentAction\",\"name\":\"Comment\",\"target\":[\"https:\/\/karateclubmetz.fr\/?p=753#respond\"]}]},{\"@type\":\"WebPage\",\"@id\":\"https:\/\/karateclubmetz.fr\/?p=753\",\"url\":\"https:\/\/karateclubmetz.fr\/?p=753\",\"name\":\"Notre Sensei Jo\u00ebl \u00e9lev\u00e9 au grade de 7\u00e8me dan - Karat\u00e9 Club de Metz\",\"isPartOf\":{\"@id\":\"https:\/\/karateclubmetz.fr\/#website\"},\"primaryImageOfPage\":{\"@id\":\"https:\/\/karateclubmetz.fr\/?p=753#primaryimage\"},\"image\":{\"@id\":\"https:\/\/karateclubmetz.fr\/?p=753#primaryimage\"},\"thumbnailUrl\":\"https:\/\/karateclubmetz.fr\/wp-content\/uploads\/2021\/02\/7emedan_joel.jpg\",\"datePublished\":\"2021-02-14T17:42:23+00:00\",\"dateModified\":\"2021-02-14T17:42:24+00:00\",\"breadcrumb\":{\"@id\":\"https:\/\/karateclubmetz.fr\/?p=753#breadcrumb\"},\"inLanguage\":\"fr-FR\",\"potentialAction\":[{\"@type\":\"ReadAction\",\"target\":[\"https:\/\/karateclubmetz.fr\/?p=753\"]}]},{\"@type\":\"ImageObject\",\"inLanguage\":\"fr-FR\",\"@id\":\"https:\/\/karateclubmetz.fr\/?p=753#primaryimage\",\"url\":\"https:\/\/karateclubmetz.fr\/wp-content\/uploads\/2021\/02\/7emedan_joel.jpg\",\"contentUrl\":\"https:\/\/karateclubmetz.fr\/wp-content\/uploads\/2021\/02\/7emedan_joel.jpg\",\"width\":524,\"height\":720},{\"@type\":\"BreadcrumbList\",\"@id\":\"https:\/\/karateclubmetz.fr\/?p=753#breadcrumb\",\"itemListElement\":[{\"@type\":\"ListItem\",\"position\":1,\"name\":\"Accueil\",\"item\":\"https:\/\/karateclubmetz.fr\/\"},{\"@type\":\"ListItem\",\"position\":2,\"name\":\"Notre Sensei Jo\u00ebl \u00e9lev\u00e9 au grade de 7\u00e8me dan\"}]},{\"@type\":\"WebSite\",\"@id\":\"https:\/\/karateclubmetz.fr\/#website\",\"url\":\"https:\/\/karateclubmetz.fr\/\",\"name\":\"Karat\u00e9 Club de Metz\",\"description\":\"Le Karat\u00e9 est dans tout ce que vous faites, L\u00e0 est la beaut\u00e9 du travail\",\"publisher\":{\"@id\":\"https:\/\/karateclubmetz.fr\/#organization\"},\"potentialAction\":[{\"@type\":\"SearchAction\",\"target\":{\"@type\":\"EntryPoint\",\"urlTemplate\":\"https:\/\/karateclubmetz.fr\/?s={search_term_string}\"},\"query-input\":\"required name=search_term_string\"}],\"inLanguage\":\"fr-FR\"},{\"@type\":\"Organization\",\"@id\":\"https:\/\/karateclubmetz.fr\/#organization\",\"name\":\"Karat\u00e9 Club de Metz\",\"url\":\"https:\/\/karateclubmetz.fr\/\",\"logo\":{\"@type\":\"ImageObject\",\"inLanguage\":\"fr-FR\",\"@id\":\"https:\/\/karateclubmetz.fr\/#\/schema\/logo\/image\/\",\"url\":\"https:\/\/karateclubmetz.fr\/wp-content\/uploads\/2019\/09\/logo_kcm.jpg\",\"contentUrl\":\"https:\/\/karateclubmetz.fr\/wp-content\/uploads\/2019\/09\/logo_kcm.jpg\",\"width\":157,\"height\":157,\"caption\":\"Karat\u00e9 Club de Metz\"},\"image\":{\"@id\":\"https:\/\/karateclubmetz.fr\/#\/schema\/logo\/image\/\"},\"sameAs\":[\"http:\/\/www.facebook.com\/group.php?gid=107459822611766\",\"https:\/\/instagram.com\/karate_club_de_metz?igshid=181ca0zciwjvq\",\"https:\/\/www.youtube.com\/watch?v=nm26u2MIRwY\"]},{\"@type\":\"Person\",\"@id\":\"https:\/\/karateclubmetz.fr\/#\/schema\/person\/10938ad0e138955389ff178e0d717ddf\",\"name\":\"admin5625\",\"image\":{\"@type\":\"ImageObject\",\"inLanguage\":\"fr-FR\",\"@id\":\"https:\/\/karateclubmetz.fr\/#\/schema\/person\/image\/\",\"url\":\"https:\/\/secure.gravatar.com\/avatar\/6b7d245f8237d20bfa786356ac2b49c5?s=96&d=mm&r=g\",\"contentUrl\":\"https:\/\/secure.gravatar.com\/avatar\/6b7d245f8237d20bfa786356ac2b49c5?s=96&d=mm&r=g\",\"caption\":\"admin5625\"}}]}<\/script>\n<!-- \/ Yoast SEO plugin. -->","yoast_head_json":{"title":"Notre Sensei Jo\u00ebl \u00e9lev\u00e9 au grade de 7\u00e8me dan - Karat\u00e9 Club de Metz","robots":{"index":"index","follow":"follow","max-snippet":"max-snippet:-1","max-image-preview":"max-image-preview:large","max-video-preview":"max-video-preview:-1"},"canonical":"https:\/\/karateclubmetz.fr\/?p=753","og_locale":"fr_FR","og_type":"article","og_title":"Notre Sensei Jo\u00ebl \u00e9lev\u00e9 au grade de 7\u00e8me dan - Karat\u00e9 Club de Metz","og_description":"Le karat\u00e9 club de Metz est tr\u00e8s fier de vous annoncer que notre sensei Joel Nunes a \u00e9t\u00e9 \u00e9lev\u00e9 au grade de [&hellip;]","og_url":"https:\/\/karateclubmetz.fr\/?p=753","og_site_name":"Karat\u00e9 Club de Metz","article_publisher":"http:\/\/www.facebook.com\/group.php?gid=107459822611766","article_published_time":"2021-02-14T17:42:23+00:00","article_modified_time":"2021-02-14T17:42:24+00:00","og_image":[{"url":"https:\/\/karateclubmetz.fr\/wp-content\/uploads\/2021\/02\/7emedan_joel.jpg"}],"author":"admin5625","twitter_card":"summary_large_image","twitter_misc":{"\u00c9crit par":"admin5625","Dur\u00e9e de lecture estim\u00e9e":"1 minute"},"schema":{"@context":"https:\/\/schema.org","@graph":[{"@type":"Article","@id":"https:\/\/karateclubmetz.fr\/?p=753#article","isPartOf":{"@id":"https:\/\/karateclubmetz.fr\/?p=753"},"author":{"name":"admin5625","@id":"https:\/\/karateclubmetz.fr\/#\/schema\/person\/10938ad0e138955389ff178e0d717ddf"},"headline":"Notre Sensei Jo\u00ebl \u00e9lev\u00e9 au grade de 7\u00e8me dan","datePublished":"2021-02-14T17:42:23+00:00","dateModified":"2021-02-14T17:42:24+00:00","mainEntityOfPage":{"@id":"https:\/\/karateclubmetz.fr\/?p=753"},"wordCount":110,"commentCount":0,"publisher":{"@id":"https:\/\/karateclubmetz.fr\/#organization"},"image":{"@id":"https:\/\/karateclubmetz.fr\/?p=753#primaryimage"},"thumbnailUrl":"https:\/\/karateclubmetz.fr\/wp-content\/uploads\/2021\/02\/7emedan_joel.jpg","articleSection":["Vie du Club"],"inLanguage":"fr-FR","potentialAction":[{"@type":"CommentAction","name":"Comment","target":["https:\/\/karateclubmetz.fr\/?p=753#respond"]}]},{"@type":"WebPage","@id":"https:\/\/karateclubmetz.fr\/?p=753","url":"https:\/\/karateclubmetz.fr\/?p=753","name":"Notre Sensei Jo\u00ebl \u00e9lev\u00e9 au grade de 7\u00e8me dan - Karat\u00e9 Club de Metz","isPartOf":{"@id":"https:\/\/karateclubmetz.fr\/#website"},"primaryImageOfPage":{"@id":"https:\/\/karateclubmetz.fr\/?p=753#primaryimage"},"image":{"@id":"https:\/\/karateclubmetz.fr\/?p=753#primaryimage"},"thumbnailUrl":"https:\/\/karateclubmetz.fr\/wp-content\/uploads\/2021\/02\/7emedan_joel.jpg","datePublished":"2021-02-14T17:42:23+00:00","dateModified":"2021-02-14T17:42:24+00:00","breadcrumb":{"@id":"https:\/\/karateclubmetz.fr\/?p=753#breadcrumb"},"inLanguage":"fr-FR","potentialAction":[{"@type":"ReadAction","target":["https:\/\/karateclubmetz.fr\/?p=753"]}]},{"@type":"ImageObject","inLanguage":"fr-FR","@id":"https:\/\/karateclubmetz.fr\/?p=753#primaryimage","url":"https:\/\/karateclubmetz.fr\/wp-content\/uploads\/2021\/02\/7emedan_joel.jpg","contentUrl":"https:\/\/karateclubmetz.fr\/wp-content\/uploads\/2021\/02\/7emedan_joel.jpg","width":524,"height":720},{"@type":"BreadcrumbList","@id":"https:\/\/karateclubmetz.fr\/?p=753#breadcrumb","itemListElement":[{"@type":"ListItem","position":1,"name":"Accueil","item":"https:\/\/karateclubmetz.fr\/"},{"@type":"ListItem","position":2,"name":"Notre Sensei Jo\u00ebl \u00e9lev\u00e9 au grade de 7\u00e8me dan"}]},{"@type":"WebSite","@id":"https:\/\/karateclubmetz.fr\/#website","url":"https:\/\/karateclubmetz.fr\/","name":"Karat\u00e9 Club de Metz","description":"Le Karat\u00e9 est dans tout ce que vous faites, L\u00e0 est la beaut\u00e9 du travail","publisher":{"@id":"https:\/\/karateclubmetz.fr\/#organization"},"potentialAction":[{"@type":"SearchAction","target":{"@type":"EntryPoint","urlTemplate":"https:\/\/karateclubmetz.fr\/?s={search_term_string}"},"query-input":"required name=search_term_string"}],"inLanguage":"fr-FR"},{"@type":"Organization","@id":"https:\/\/karateclubmetz.fr\/#organization","name":"Karat\u00e9 Club de Metz","url":"https:\/\/karateclubmetz.fr\/","logo":{"@type":"ImageObject","inLanguage":"fr-FR","@id":"https:\/\/karateclubmetz.fr\/#\/schema\/logo\/image\/","url":"https:\/\/karateclubmetz.fr\/wp-content\/uploads\/2019\/09\/logo_kcm.jpg","contentUrl":"https:\/\/karateclubmetz.fr\/wp-content\/uploads\/2019\/09\/logo_kcm.jpg","width":157,"height":157,"caption":"Karat\u00e9 Club de Metz"},"image":{"@id":"https:\/\/karateclubmetz.fr\/#\/schema\/logo\/image\/"},"sameAs":["http:\/\/www.facebook.com\/group.php?gid=107459822611766","https:\/\/instagram.com\/karate_club_de_metz?igshid=181ca0zciwjvq","https:\/\/www.youtube.com\/watch?v=nm26u2MIRwY"]},{"@type":"Person","@id":"https:\/\/karateclubmetz.fr\/#\/schema\/person\/10938ad0e138955389ff178e0d717ddf","name":"admin5625","image":{"@type":"ImageObject","inLanguage":"fr-FR","@id":"https:\/\/karateclubmetz.fr\/#\/schema\/person\/image\/","url":"https:\/\/secure.gravatar.com\/avatar\/6b7d245f8237d20bfa786356ac2b49c5?s=96&d=mm&r=g","contentUrl":"https:\/\/secure.gravatar.com\/avatar\/6b7d245f8237d20bfa786356ac2b49c5?s=96&d=mm&r=g","caption":"admin5625"}}]}},"_links":{"self":[{"href":"https:\/\/karateclubmetz.fr\/index.php?rest_route=\/wp\/v2\/posts\/753"}],"collection":[{"href":"https:\/\/karateclubmetz.fr\/index.php?rest_route=\/wp\/v2\/posts"}],"about":[{"href":"https:\/\/karateclubmetz.fr\/index.php?rest_route=\/wp\/v2\/types\/post"}],"author":[{"embeddable":true,"href":"https:\/\/karateclubmetz.fr\/index.php?rest_route=\/wp\/v2\/users\/1"}],"replies":[{"embeddable":true,"href":"https:\/\/karateclubmetz.fr\/index.php?rest_route=%2Fwp%2Fv2%2Fcomments&post=753"}],"version-history":[{"count":1,"href":"https:\/\/karateclubmetz.fr\/index.php?rest_route=\/wp\/v2\/posts\/753\/revisions"}],"predecessor-version":[{"id":754,"href":"https:\/\/karateclubmetz.fr\/index.php?rest_route=\/wp\/v2\/posts\/753\/revisions\/754"}],"wp:attachment":[{"href":"https:\/\/karateclubmetz.fr\/index.php?rest_route=%2Fwp%2Fv2%2Fmedia&parent=753"}],"wp:term":[{"taxonomy":"category","embeddable":true,"href":"https:\/\/karateclubmetz.fr\/index.php?rest_route=%2Fwp%2Fv2%2Fcategories&post=753"},{"taxonomy":"post_tag","embeddable":true,"href":"https:\/\/karateclubmetz.fr\/index.php?rest_route=%2Fwp%2Fv2%2Ftags&post=753"}],"curies":[{"name":"wp","href":"https:\/\/api.w.org\/{rel}","templated":true}]}}