{"id":783,"date":"2021-05-17T12:24:25","date_gmt":"2021-05-17T10:24:25","guid":{"rendered":"https:\/\/karateclubmetz.fr\/?p=783"},"modified":"2021-05-17T12:25:45","modified_gmt":"2021-05-17T10:25:45","slug":"reprise-des-cours-enfants-et-babys-en-interieur","status":"publish","type":"post","link":"https:\/\/karateclubmetz.fr\/?p=783","title":{"rendered":"Reprise des cours enfants et babys en int\u00e9rieur"},"content":{"rendered":"\t\t<div data-elementor-type=\"wp-post\" data-elementor-id=\"783\" class=\"elementor elementor-783\">\n\t\t\t\t\t\t<section class=\"elementor-section elementor-top-section elementor-element elementor-element-4740b3cf elementor-section-boxed elementor-section-height-default elementor-section-height-default\" data-id=\"4740b3cf\" data-element_type=\"section\">\n\t\t\t\t\t\t<div class=\"elementor-container elementor-column-gap-default\">\n\t\t\t\t\t<div class=\"elementor-column elementor-col-100 elementor-top-column elementor-element elementor-element-3c163fb4\" data-id=\"3c163fb4\" data-element_type=\"column\">\n\t\t\t<div class=\"elementor-widget-wrap elementor-element-populated\">\n\t\t\t\t\t\t<div class=\"elementor-element elementor-element-225fc536 elementor-widget elementor-widget-text-editor\" data-id=\"225fc536\" data-element_type=\"widget\" data-widget_type=\"text-editor.default\">\n\t\t\t\t<div class=\"elementor-widget-container\">\n\t\t\t\t\t\t\t<!-- wp:heading {\"level\":4} -->\n<h4><strong>BONNE NOUVELLE : reprise des cours enfants et babys en int\u00e9rieur \u00e0 partir du mercredi 19 mai.<\/strong><\/h4>\n<!-- \/wp:heading --><!-- wp:paragraph -->\n<p>Les cours enfants et babys reprendront aux horaires habituels sur les sites de Borny, Magny et les Ar\u00e8nes \u00e0 partir du mercredi 19 mai.<\/p>\n<p><img decoding=\"async\" src=\"https:\/\/static.xx.fbcdn.net\/images\/emoji.php\/v9\/tf1\/1\/16\/1f537.png\" alt=\"\ud83d\udd37\" width=\"16\" height=\"16\" \/> Il est demand\u00e9 aux adh\u00e9rents de venir aux cours en tenue. Le port du masque sera obligatoire dans les couloirs. Une d\u00e9sinfection des mains aura lieu avant le cours. Le port du masque n\u2019est pas obligatoire pendant le cours.<\/p>\n<p><img decoding=\"async\" src=\"https:\/\/static.xx.fbcdn.net\/images\/emoji.php\/v9\/tf3\/1\/16\/1f539.png\" alt=\"\ud83d\udd39\" width=\"16\" height=\"16\" \/> Modalit\u00e9s d\u2019acc\u00e8s aux salles aux Ar\u00e8nes : les parents ne pourront pas acc\u00e9der aux salles. Un professeur accueillera les \u00e9l\u00e8ves (enfants et adultes) \u00e0 l\u2019entr\u00e9e. Il rel\u00e8vera le nom de tous les \u00e9l\u00e8ves et la liste sera fournie aux Ar\u00e8nes \u00e0 chaque cours. <img decoding=\"async\" src=\"https:\/\/static.xx.fbcdn.net\/images\/emoji.php\/v9\/tdc\/1\/16\/26a0.png\" alt=\"\u26a0\ufe0f\" width=\"16\" height=\"16\" \/> Il est donc IMP\u00c9RATIF d\u2019arriver 10 min avant l\u2019heure au cours pour enregistrer les enfants pr\u00e9sents. Pass\u00e9 l\u2019heure, l\u2019acc\u00e8s ne sera plus possible. A la fin du cours, le professeur accompagnera les enfants jusqu\u2019\u00e0 l\u2019entr\u00e9e des Ar\u00e8nes o\u00f9 les parents les r\u00e9cup\u00e9reront. Les parents devront \u00eatre \u00e0 l\u2019heure.<\/p>\n<p>Retrouvez les horaires sur le site internet du club : <a href=\"https:\/\/karateclubmetz.fr\/?page_id=57&amp;fbclid=IwAR2d_h3lro5TisHqHsi_whocaAif1RdQT95-XclsmTkftwaBtUjpeBGhD-A\" target=\"_blank\" rel=\"noreferrer noopener\">https:\/\/karateclubmetz.fr\/?page_id=57<\/a><\/p>\n<p>\u00a0<\/p>\n<h6>Toute l&rsquo;\u00e9quipe encadrante vous attend et est heureuse de vous revoir !!! A mercredi.<\/h6>\n<!-- \/wp:paragraph -->\t\t\t\t\t\t<\/div>\n\t\t\t\t<\/div>\n\t\t\t\t\t<\/div>\n\t\t<\/div>\n\t\t\t\t\t<\/div>\n\t\t<\/section>\n\t\t\t\t<\/div>\n\t\t","protected":false},"excerpt":{"rendered":"<p>BONNE NOUVELLE : reprise des cours enfants et babys en int\u00e9rieur \u00e0 partir du mercredi 19 mai. Les cours enfants et babys [&hellip;]<\/p>\n","protected":false},"author":1,"featured_media":0,"comment_status":"open","ping_status":"open","sticky":false,"template":"","format":"standard","meta":{"footnotes":""},"categories":[5],"tags":[],"class_list":["post-783","post","type-post","status-publish","format-standard","hentry","category-general"],"yoast_head":"<!-- This site is optimized with the Yoast SEO plugin v23.3 - https:\/\/yoast.com\/wordpress\/plugins\/seo\/ -->\n<title>Reprise des cours enfants et babys en int\u00e9rieur - Karat\u00e9 Club de Metz<\/title>\n<meta name=\"robots\" content=\"index, follow, max-snippet:-1, max-image-preview:large, max-video-preview:-1\" \/>\n<link rel=\"canonical\" href=\"https:\/\/karateclubmetz.fr\/?p=783\" \/>\n<meta property=\"og:locale\" content=\"fr_FR\" \/>\n<meta property=\"og:type\" content=\"article\" \/>\n<meta property=\"og:title\" content=\"Reprise des cours enfants et babys en int\u00e9rieur - Karat\u00e9 Club de Metz\" \/>\n<meta property=\"og:description\" content=\"BONNE NOUVELLE : reprise des cours enfants et babys en int\u00e9rieur \u00e0 partir du mercredi 19 mai. Les cours enfants et babys [&hellip;]\" \/>\n<meta property=\"og:url\" content=\"https:\/\/karateclubmetz.fr\/?p=783\" \/>\n<meta property=\"og:site_name\" content=\"Karat\u00e9 Club de Metz\" \/>\n<meta property=\"article:publisher\" content=\"http:\/\/www.facebook.com\/group.php?gid=107459822611766\" \/>\n<meta property=\"article:published_time\" content=\"2021-05-17T10:24:25+00:00\" \/>\n<meta property=\"article:modified_time\" content=\"2021-05-17T10:25:45+00:00\" \/>\n<meta property=\"og:image\" content=\"https:\/\/static.xx.fbcdn.net\/images\/emoji.php\/v9\/tf1\/1\/16\/1f537.png\" \/>\n<meta name=\"author\" content=\"admin5625\" \/>\n<meta name=\"twitter:card\" content=\"summary_large_image\" \/>\n<meta name=\"twitter:label1\" content=\"\u00c9crit par\" \/>\n\t<meta name=\"twitter:data1\" content=\"admin5625\" \/>\n\t<meta name=\"twitter:label2\" content=\"Dur\u00e9e de lecture estim\u00e9e\" \/>\n\t<meta name=\"twitter:data2\" content=\"1 minute\" \/>\n<script type=\"application\/ld+json\" class=\"yoast-schema-graph\">{\"@context\":\"https:\/\/schema.org\",\"@graph\":[{\"@type\":\"Article\",\"@id\":\"https:\/\/karateclubmetz.fr\/?p=783#article\",\"isPartOf\":{\"@id\":\"https:\/\/karateclubmetz.fr\/?p=783\"},\"author\":{\"name\":\"admin5625\",\"@id\":\"https:\/\/karateclubmetz.fr\/#\/schema\/person\/10938ad0e138955389ff178e0d717ddf\"},\"headline\":\"Reprise des cours enfants et babys en int\u00e9rieur\",\"datePublished\":\"2021-05-17T10:24:25+00:00\",\"dateModified\":\"2021-05-17T10:25:45+00:00\",\"mainEntityOfPage\":{\"@id\":\"https:\/\/karateclubmetz.fr\/?p=783\"},\"wordCount\":227,\"commentCount\":0,\"publisher\":{\"@id\":\"https:\/\/karateclubmetz.fr\/#organization\"},\"image\":{\"@id\":\"https:\/\/karateclubmetz.fr\/?p=783#primaryimage\"},\"thumbnailUrl\":\"https:\/\/static.xx.fbcdn.net\/images\/emoji.php\/v9\/tf1\/1\/16\/1f537.png\",\"articleSection\":[\"G\u00e9n\u00e9ral\"],\"inLanguage\":\"fr-FR\",\"potentialAction\":[{\"@type\":\"CommentAction\",\"name\":\"Comment\",\"target\":[\"https:\/\/karateclubmetz.fr\/?p=783#respond\"]}]},{\"@type\":\"WebPage\",\"@id\":\"https:\/\/karateclubmetz.fr\/?p=783\",\"url\":\"https:\/\/karateclubmetz.fr\/?p=783\",\"name\":\"Reprise des cours enfants et babys en int\u00e9rieur - Karat\u00e9 Club de Metz\",\"isPartOf\":{\"@id\":\"https:\/\/karateclubmetz.fr\/#website\"},\"primaryImageOfPage\":{\"@id\":\"https:\/\/karateclubmetz.fr\/?p=783#primaryimage\"},\"image\":{\"@id\":\"https:\/\/karateclubmetz.fr\/?p=783#primaryimage\"},\"thumbnailUrl\":\"https:\/\/static.xx.fbcdn.net\/images\/emoji.php\/v9\/tf1\/1\/16\/1f537.png\",\"datePublished\":\"2021-05-17T10:24:25+00:00\",\"dateModified\":\"2021-05-17T10:25:45+00:00\",\"breadcrumb\":{\"@id\":\"https:\/\/karateclubmetz.fr\/?p=783#breadcrumb\"},\"inLanguage\":\"fr-FR\",\"potentialAction\":[{\"@type\":\"ReadAction\",\"target\":[\"https:\/\/karateclubmetz.fr\/?p=783\"]}]},{\"@type\":\"ImageObject\",\"inLanguage\":\"fr-FR\",\"@id\":\"https:\/\/karateclubmetz.fr\/?p=783#primaryimage\",\"url\":\"https:\/\/static.xx.fbcdn.net\/images\/emoji.php\/v9\/tf1\/1\/16\/1f537.png\",\"contentUrl\":\"https:\/\/static.xx.fbcdn.net\/images\/emoji.php\/v9\/tf1\/1\/16\/1f537.png\"},{\"@type\":\"BreadcrumbList\",\"@id\":\"https:\/\/karateclubmetz.fr\/?p=783#breadcrumb\",\"itemListElement\":[{\"@type\":\"ListItem\",\"position\":1,\"name\":\"Accueil\",\"item\":\"https:\/\/karateclubmetz.fr\/\"},{\"@type\":\"ListItem\",\"position\":2,\"name\":\"Reprise des cours enfants et babys en int\u00e9rieur\"}]},{\"@type\":\"WebSite\",\"@id\":\"https:\/\/karateclubmetz.fr\/#website\",\"url\":\"https:\/\/karateclubmetz.fr\/\",\"name\":\"Karat\u00e9 Club de Metz\",\"description\":\"Le Karat\u00e9 est dans tout ce que vous faites, L\u00e0 est la beaut\u00e9 du travail\",\"publisher\":{\"@id\":\"https:\/\/karateclubmetz.fr\/#organization\"},\"potentialAction\":[{\"@type\":\"SearchAction\",\"target\":{\"@type\":\"EntryPoint\",\"urlTemplate\":\"https:\/\/karateclubmetz.fr\/?s={search_term_string}\"},\"query-input\":\"required name=search_term_string\"}],\"inLanguage\":\"fr-FR\"},{\"@type\":\"Organization\",\"@id\":\"https:\/\/karateclubmetz.fr\/#organization\",\"name\":\"Karat\u00e9 Club de Metz\",\"url\":\"https:\/\/karateclubmetz.fr\/\",\"logo\":{\"@type\":\"ImageObject\",\"inLanguage\":\"fr-FR\",\"@id\":\"https:\/\/karateclubmetz.fr\/#\/schema\/logo\/image\/\",\"url\":\"https:\/\/karateclubmetz.fr\/wp-content\/uploads\/2019\/09\/logo_kcm.jpg\",\"contentUrl\":\"https:\/\/karateclubmetz.fr\/wp-content\/uploads\/2019\/09\/logo_kcm.jpg\",\"width\":157,\"height\":157,\"caption\":\"Karat\u00e9 Club de Metz\"},\"image\":{\"@id\":\"https:\/\/karateclubmetz.fr\/#\/schema\/logo\/image\/\"},\"sameAs\":[\"http:\/\/www.facebook.com\/group.php?gid=107459822611766\",\"https:\/\/instagram.com\/karate_club_de_metz?igshid=181ca0zciwjvq\",\"https:\/\/www.youtube.com\/watch?v=nm26u2MIRwY\"]},{\"@type\":\"Person\",\"@id\":\"https:\/\/karateclubmetz.fr\/#\/schema\/person\/10938ad0e138955389ff178e0d717ddf\",\"name\":\"admin5625\",\"image\":{\"@type\":\"ImageObject\",\"inLanguage\":\"fr-FR\",\"@id\":\"https:\/\/karateclubmetz.fr\/#\/schema\/person\/image\/\",\"url\":\"https:\/\/secure.gravatar.com\/avatar\/6b7d245f8237d20bfa786356ac2b49c5?s=96&d=mm&r=g\",\"contentUrl\":\"https:\/\/secure.gravatar.com\/avatar\/6b7d245f8237d20bfa786356ac2b49c5?s=96&d=mm&r=g\",\"caption\":\"admin5625\"}}]}<\/script>\n<!-- \/ Yoast SEO plugin. -->","yoast_head_json":{"title":"Reprise des cours enfants et babys en int\u00e9rieur - Karat\u00e9 Club de Metz","robots":{"index":"index","follow":"follow","max-snippet":"max-snippet:-1","max-image-preview":"max-image-preview:large","max-video-preview":"max-video-preview:-1"},"canonical":"https:\/\/karateclubmetz.fr\/?p=783","og_locale":"fr_FR","og_type":"article","og_title":"Reprise des cours enfants et babys en int\u00e9rieur - Karat\u00e9 Club de Metz","og_description":"BONNE NOUVELLE : reprise des cours enfants et babys en int\u00e9rieur \u00e0 partir du mercredi 19 mai. Les cours enfants et babys [&hellip;]","og_url":"https:\/\/karateclubmetz.fr\/?p=783","og_site_name":"Karat\u00e9 Club de Metz","article_publisher":"http:\/\/www.facebook.com\/group.php?gid=107459822611766","article_published_time":"2021-05-17T10:24:25+00:00","article_modified_time":"2021-05-17T10:25:45+00:00","og_image":[{"url":"https:\/\/static.xx.fbcdn.net\/images\/emoji.php\/v9\/tf1\/1\/16\/1f537.png"}],"author":"admin5625","twitter_card":"summary_large_image","twitter_misc":{"\u00c9crit par":"admin5625","Dur\u00e9e de lecture estim\u00e9e":"1 minute"},"schema":{"@context":"https:\/\/schema.org","@graph":[{"@type":"Article","@id":"https:\/\/karateclubmetz.fr\/?p=783#article","isPartOf":{"@id":"https:\/\/karateclubmetz.fr\/?p=783"},"author":{"name":"admin5625","@id":"https:\/\/karateclubmetz.fr\/#\/schema\/person\/10938ad0e138955389ff178e0d717ddf"},"headline":"Reprise des cours enfants et babys en int\u00e9rieur","datePublished":"2021-05-17T10:24:25+00:00","dateModified":"2021-05-17T10:25:45+00:00","mainEntityOfPage":{"@id":"https:\/\/karateclubmetz.fr\/?p=783"},"wordCount":227,"commentCount":0,"publisher":{"@id":"https:\/\/karateclubmetz.fr\/#organization"},"image":{"@id":"https:\/\/karateclubmetz.fr\/?p=783#primaryimage"},"thumbnailUrl":"https:\/\/static.xx.fbcdn.net\/images\/emoji.php\/v9\/tf1\/1\/16\/1f537.png","articleSection":["G\u00e9n\u00e9ral"],"inLanguage":"fr-FR","potentialAction":[{"@type":"CommentAction","name":"Comment","target":["https:\/\/karateclubmetz.fr\/?p=783#respond"]}]},{"@type":"WebPage","@id":"https:\/\/karateclubmetz.fr\/?p=783","url":"https:\/\/karateclubmetz.fr\/?p=783","name":"Reprise des cours enfants et babys en int\u00e9rieur - Karat\u00e9 Club de Metz","isPartOf":{"@id":"https:\/\/karateclubmetz.fr\/#website"},"primaryImageOfPage":{"@id":"https:\/\/karateclubmetz.fr\/?p=783#primaryimage"},"image":{"@id":"https:\/\/karateclubmetz.fr\/?p=783#primaryimage"},"thumbnailUrl":"https:\/\/static.xx.fbcdn.net\/images\/emoji.php\/v9\/tf1\/1\/16\/1f537.png","datePublished":"2021-05-17T10:24:25+00:00","dateModified":"2021-05-17T10:25:45+00:00","breadcrumb":{"@id":"https:\/\/karateclubmetz.fr\/?p=783#breadcrumb"},"inLanguage":"fr-FR","potentialAction":[{"@type":"ReadAction","target":["https:\/\/karateclubmetz.fr\/?p=783"]}]},{"@type":"ImageObject","inLanguage":"fr-FR","@id":"https:\/\/karateclubmetz.fr\/?p=783#primaryimage","url":"https:\/\/static.xx.fbcdn.net\/images\/emoji.php\/v9\/tf1\/1\/16\/1f537.png","contentUrl":"https:\/\/static.xx.fbcdn.net\/images\/emoji.php\/v9\/tf1\/1\/16\/1f537.png"},{"@type":"BreadcrumbList","@id":"https:\/\/karateclubmetz.fr\/?p=783#breadcrumb","itemListElement":[{"@type":"ListItem","position":1,"name":"Accueil","item":"https:\/\/karateclubmetz.fr\/"},{"@type":"ListItem","position":2,"name":"Reprise des cours enfants et babys en int\u00e9rieur"}]},{"@type":"WebSite","@id":"https:\/\/karateclubmetz.fr\/#website","url":"https:\/\/karateclubmetz.fr\/","name":"Karat\u00e9 Club de Metz","description":"Le Karat\u00e9 est dans tout ce que vous faites, L\u00e0 est la beaut\u00e9 du travail","publisher":{"@id":"https:\/\/karateclubmetz.fr\/#organization"},"potentialAction":[{"@type":"SearchAction","target":{"@type":"EntryPoint","urlTemplate":"https:\/\/karateclubmetz.fr\/?s={search_term_string}"},"query-input":"required name=search_term_string"}],"inLanguage":"fr-FR"},{"@type":"Organization","@id":"https:\/\/karateclubmetz.fr\/#organization","name":"Karat\u00e9 Club de Metz","url":"https:\/\/karateclubmetz.fr\/","logo":{"@type":"ImageObject","inLanguage":"fr-FR","@id":"https:\/\/karateclubmetz.fr\/#\/schema\/logo\/image\/","url":"https:\/\/karateclubmetz.fr\/wp-content\/uploads\/2019\/09\/logo_kcm.jpg","contentUrl":"https:\/\/karateclubmetz.fr\/wp-content\/uploads\/2019\/09\/logo_kcm.jpg","width":157,"height":157,"caption":"Karat\u00e9 Club de Metz"},"image":{"@id":"https:\/\/karateclubmetz.fr\/#\/schema\/logo\/image\/"},"sameAs":["http:\/\/www.facebook.com\/group.php?gid=107459822611766","https:\/\/instagram.com\/karate_club_de_metz?igshid=181ca0zciwjvq","https:\/\/www.youtube.com\/watch?v=nm26u2MIRwY"]},{"@type":"Person","@id":"https:\/\/karateclubmetz.fr\/#\/schema\/person\/10938ad0e138955389ff178e0d717ddf","name":"admin5625","image":{"@type":"ImageObject","inLanguage":"fr-FR","@id":"https:\/\/karateclubmetz.fr\/#\/schema\/person\/image\/","url":"https:\/\/secure.gravatar.com\/avatar\/6b7d245f8237d20bfa786356ac2b49c5?s=96&d=mm&r=g","contentUrl":"https:\/\/secure.gravatar.com\/avatar\/6b7d245f8237d20bfa786356ac2b49c5?s=96&d=mm&r=g","caption":"admin5625"}}]}},"_links":{"self":[{"href":"https:\/\/karateclubmetz.fr\/index.php?rest_route=\/wp\/v2\/posts\/783"}],"collection":[{"href":"https:\/\/karateclubmetz.fr\/index.php?rest_route=\/wp\/v2\/posts"}],"about":[{"href":"https:\/\/karateclubmetz.fr\/index.php?rest_route=\/wp\/v2\/types\/post"}],"author":[{"embeddable":true,"href":"https:\/\/karateclubmetz.fr\/index.php?rest_route=\/wp\/v2\/users\/1"}],"replies":[{"embeddable":true,"href":"https:\/\/karateclubmetz.fr\/index.php?rest_route=%2Fwp%2Fv2%2Fcomments&post=783"}],"version-history":[{"count":2,"href":"https:\/\/karateclubmetz.fr\/index.php?rest_route=\/wp\/v2\/posts\/783\/revisions"}],"predecessor-version":[{"id":785,"href":"https:\/\/karateclubmetz.fr\/index.php?rest_route=\/wp\/v2\/posts\/783\/revisions\/785"}],"wp:attachment":[{"href":"https:\/\/karateclubmetz.fr\/index.php?rest_route=%2Fwp%2Fv2%2Fmedia&parent=783"}],"wp:term":[{"taxonomy":"category","embeddable":true,"href":"https:\/\/karateclubmetz.fr\/index.php?rest_route=%2Fwp%2Fv2%2Fcategories&post=783"},{"taxonomy":"post_tag","embeddable":true,"href":"https:\/\/karateclubmetz.fr\/index.php?rest_route=%2Fwp%2Fv2%2Ftags&post=783"}],"curies":[{"name":"wp","href":"https:\/\/api.w.org\/{rel}","templated":true}]}}