{"id":884,"date":"2021-08-29T18:49:51","date_gmt":"2021-08-29T16:49:51","guid":{"rendered":"https:\/\/karateclubmetz.fr\/?p=884"},"modified":"2021-08-29T18:56:49","modified_gmt":"2021-08-29T16:56:49","slug":"reprise-des-cours-aux-arenes-a-partir-du-samedi-4-septembre","status":"publish","type":"post","link":"https:\/\/karateclubmetz.fr\/?p=884","title":{"rendered":"Reprise des cours aux Ar\u00e8nes \u00e0 partir du samedi 4 septembre"},"content":{"rendered":"\t\t<div data-elementor-type=\"wp-post\" data-elementor-id=\"884\" class=\"elementor elementor-884\">\n\t\t\t\t\t\t<section class=\"elementor-section elementor-top-section elementor-element elementor-element-0caed31 elementor-section-boxed elementor-section-height-default elementor-section-height-default\" data-id=\"0caed31\" data-element_type=\"section\">\n\t\t\t\t\t\t<div class=\"elementor-container elementor-column-gap-default\">\n\t\t\t\t\t<div class=\"elementor-column elementor-col-100 elementor-top-column elementor-element elementor-element-761cacd\" data-id=\"761cacd\" data-element_type=\"column\">\n\t\t\t<div class=\"elementor-widget-wrap elementor-element-populated\">\n\t\t\t\t\t\t<div class=\"elementor-element elementor-element-df1acdd elementor-widget elementor-widget-text-editor\" data-id=\"df1acdd\" data-element_type=\"widget\" data-widget_type=\"text-editor.default\">\n\t\t\t\t<div class=\"elementor-widget-container\">\n\t\t\t\t\t\t\t<h5><strong>ATTENTION : D\u00c9LOCALISATION DES COURS DURANT L&rsquo;OPEN DE MOSELLE<\/strong><\/h5><p>Durant tout le mois de septembre, les Ar\u00e8nes sont ferm\u00e9es. Les cours seront organis\u00e9s de la fa\u00e7on suivante :<\/p><h5><strong>Baby karat\u00e9<\/strong><\/h5><ul><li>Les cours de baby karat\u00e9 du samedi de 9h \u00e0 10H (d\u00e9butants) et de 10h \u00e0 11h (avanc\u00e9s) auront lieu au dojo du Dauphin\u00e9 \u00e0 Borny aux m\u00eame horaires.<\/li><\/ul><h5>Karat\u00e9 enfants<\/h5><ul><li>Le cours de karat\u00e9 enfants du mardi de 17h30 \u00e0 18h30 est annul\u00e9 en septembre. Les enfants peuvent aller aux cours des autres sites, dont celui du mardi \u00e0 Magny \u00e0 17h45.<\/li><li>Le cours de karat\u00e9 enfants du samedi de 14h \u00e0 15h30 aura lieu au dojo \u00e0 Borny.<\/li><\/ul><h5>Body karat\u00e9<\/h5><ul><li>Le cours de body karat\u00e9 du mardi soir est annul\u00e9 en septembre.<\/li><li>Le cours de body karat\u00e9 du samedi matin de 10h \u00e0 11h aura lieu au gymnase situ\u00e9 199 avenue Andr\u00e9 Malraux.<\/li><\/ul><h5>\u00a0<\/h5><h5>Le retour \u00e0 la normale aura lieu \u00e0 partir du lundi 4 octobre.<\/h5>\t\t\t\t\t\t<\/div>\n\t\t\t\t<\/div>\n\t\t\t\t\t<\/div>\n\t\t<\/div>\n\t\t\t\t\t<\/div>\n\t\t<\/section>\n\t\t\t\t<\/div>\n\t\t","protected":false},"excerpt":{"rendered":"<p>ATTENTION : D\u00c9LOCALISATION DES COURS DURANT L&rsquo;OPEN DE MOSELLE Durant tout le mois de septembre, les Ar\u00e8nes sont ferm\u00e9es. Les cours seront [&hellip;]<\/p>\n","protected":false},"author":1,"featured_media":0,"comment_status":"open","ping_status":"open","sticky":false,"template":"","format":"standard","meta":{"footnotes":""},"categories":[5],"tags":[],"class_list":["post-884","post","type-post","status-publish","format-standard","hentry","category-general"],"yoast_head":"<!-- This site is optimized with the Yoast SEO plugin v23.3 - https:\/\/yoast.com\/wordpress\/plugins\/seo\/ -->\n<title>Reprise des cours aux Ar\u00e8nes \u00e0 partir du samedi 4 septembre - Karat\u00e9 Club de Metz<\/title>\n<meta name=\"robots\" content=\"index, follow, max-snippet:-1, max-image-preview:large, max-video-preview:-1\" \/>\n<link rel=\"canonical\" href=\"https:\/\/karateclubmetz.fr\/?p=884\" \/>\n<meta property=\"og:locale\" content=\"fr_FR\" \/>\n<meta property=\"og:type\" content=\"article\" \/>\n<meta property=\"og:title\" content=\"Reprise des cours aux Ar\u00e8nes \u00e0 partir du samedi 4 septembre - Karat\u00e9 Club de Metz\" \/>\n<meta property=\"og:description\" content=\"ATTENTION : D\u00c9LOCALISATION DES COURS DURANT L&rsquo;OPEN DE MOSELLE Durant tout le mois de septembre, les Ar\u00e8nes sont ferm\u00e9es. Les cours seront [&hellip;]\" \/>\n<meta property=\"og:url\" content=\"https:\/\/karateclubmetz.fr\/?p=884\" \/>\n<meta property=\"og:site_name\" content=\"Karat\u00e9 Club de Metz\" \/>\n<meta property=\"article:publisher\" content=\"http:\/\/www.facebook.com\/group.php?gid=107459822611766\" \/>\n<meta property=\"article:published_time\" content=\"2021-08-29T16:49:51+00:00\" \/>\n<meta property=\"article:modified_time\" content=\"2021-08-29T16:56:49+00:00\" \/>\n<meta name=\"author\" content=\"admin5625\" \/>\n<meta name=\"twitter:card\" content=\"summary_large_image\" \/>\n<meta name=\"twitter:label1\" content=\"\u00c9crit par\" \/>\n\t<meta name=\"twitter:data1\" content=\"admin5625\" \/>\n\t<meta name=\"twitter:label2\" content=\"Dur\u00e9e de lecture estim\u00e9e\" \/>\n\t<meta name=\"twitter:data2\" content=\"1 minute\" \/>\n<script type=\"application\/ld+json\" class=\"yoast-schema-graph\">{\"@context\":\"https:\/\/schema.org\",\"@graph\":[{\"@type\":\"Article\",\"@id\":\"https:\/\/karateclubmetz.fr\/?p=884#article\",\"isPartOf\":{\"@id\":\"https:\/\/karateclubmetz.fr\/?p=884\"},\"author\":{\"name\":\"admin5625\",\"@id\":\"https:\/\/karateclubmetz.fr\/#\/schema\/person\/10938ad0e138955389ff178e0d717ddf\"},\"headline\":\"Reprise des cours aux Ar\u00e8nes \u00e0 partir du samedi 4 septembre\",\"datePublished\":\"2021-08-29T16:49:51+00:00\",\"dateModified\":\"2021-08-29T16:56:49+00:00\",\"mainEntityOfPage\":{\"@id\":\"https:\/\/karateclubmetz.fr\/?p=884\"},\"wordCount\":161,\"commentCount\":0,\"publisher\":{\"@id\":\"https:\/\/karateclubmetz.fr\/#organization\"},\"articleSection\":[\"G\u00e9n\u00e9ral\"],\"inLanguage\":\"fr-FR\",\"potentialAction\":[{\"@type\":\"CommentAction\",\"name\":\"Comment\",\"target\":[\"https:\/\/karateclubmetz.fr\/?p=884#respond\"]}]},{\"@type\":\"WebPage\",\"@id\":\"https:\/\/karateclubmetz.fr\/?p=884\",\"url\":\"https:\/\/karateclubmetz.fr\/?p=884\",\"name\":\"Reprise des cours aux Ar\u00e8nes \u00e0 partir du samedi 4 septembre - Karat\u00e9 Club de Metz\",\"isPartOf\":{\"@id\":\"https:\/\/karateclubmetz.fr\/#website\"},\"datePublished\":\"2021-08-29T16:49:51+00:00\",\"dateModified\":\"2021-08-29T16:56:49+00:00\",\"breadcrumb\":{\"@id\":\"https:\/\/karateclubmetz.fr\/?p=884#breadcrumb\"},\"inLanguage\":\"fr-FR\",\"potentialAction\":[{\"@type\":\"ReadAction\",\"target\":[\"https:\/\/karateclubmetz.fr\/?p=884\"]}]},{\"@type\":\"BreadcrumbList\",\"@id\":\"https:\/\/karateclubmetz.fr\/?p=884#breadcrumb\",\"itemListElement\":[{\"@type\":\"ListItem\",\"position\":1,\"name\":\"Accueil\",\"item\":\"https:\/\/karateclubmetz.fr\/\"},{\"@type\":\"ListItem\",\"position\":2,\"name\":\"Reprise des cours aux Ar\u00e8nes \u00e0 partir du samedi 4 septembre\"}]},{\"@type\":\"WebSite\",\"@id\":\"https:\/\/karateclubmetz.fr\/#website\",\"url\":\"https:\/\/karateclubmetz.fr\/\",\"name\":\"Karat\u00e9 Club de Metz\",\"description\":\"Le Karat\u00e9 est dans tout ce que vous faites, L\u00e0 est la beaut\u00e9 du travail\",\"publisher\":{\"@id\":\"https:\/\/karateclubmetz.fr\/#organization\"},\"potentialAction\":[{\"@type\":\"SearchAction\",\"target\":{\"@type\":\"EntryPoint\",\"urlTemplate\":\"https:\/\/karateclubmetz.fr\/?s={search_term_string}\"},\"query-input\":\"required name=search_term_string\"}],\"inLanguage\":\"fr-FR\"},{\"@type\":\"Organization\",\"@id\":\"https:\/\/karateclubmetz.fr\/#organization\",\"name\":\"Karat\u00e9 Club de Metz\",\"url\":\"https:\/\/karateclubmetz.fr\/\",\"logo\":{\"@type\":\"ImageObject\",\"inLanguage\":\"fr-FR\",\"@id\":\"https:\/\/karateclubmetz.fr\/#\/schema\/logo\/image\/\",\"url\":\"https:\/\/karateclubmetz.fr\/wp-content\/uploads\/2019\/09\/logo_kcm.jpg\",\"contentUrl\":\"https:\/\/karateclubmetz.fr\/wp-content\/uploads\/2019\/09\/logo_kcm.jpg\",\"width\":157,\"height\":157,\"caption\":\"Karat\u00e9 Club de Metz\"},\"image\":{\"@id\":\"https:\/\/karateclubmetz.fr\/#\/schema\/logo\/image\/\"},\"sameAs\":[\"http:\/\/www.facebook.com\/group.php?gid=107459822611766\",\"https:\/\/instagram.com\/karate_club_de_metz?igshid=181ca0zciwjvq\",\"https:\/\/www.youtube.com\/watch?v=nm26u2MIRwY\"]},{\"@type\":\"Person\",\"@id\":\"https:\/\/karateclubmetz.fr\/#\/schema\/person\/10938ad0e138955389ff178e0d717ddf\",\"name\":\"admin5625\",\"image\":{\"@type\":\"ImageObject\",\"inLanguage\":\"fr-FR\",\"@id\":\"https:\/\/karateclubmetz.fr\/#\/schema\/person\/image\/\",\"url\":\"https:\/\/secure.gravatar.com\/avatar\/6b7d245f8237d20bfa786356ac2b49c5?s=96&d=mm&r=g\",\"contentUrl\":\"https:\/\/secure.gravatar.com\/avatar\/6b7d245f8237d20bfa786356ac2b49c5?s=96&d=mm&r=g\",\"caption\":\"admin5625\"}}]}<\/script>\n<!-- \/ Yoast SEO plugin. -->","yoast_head_json":{"title":"Reprise des cours aux Ar\u00e8nes \u00e0 partir du samedi 4 septembre - Karat\u00e9 Club de Metz","robots":{"index":"index","follow":"follow","max-snippet":"max-snippet:-1","max-image-preview":"max-image-preview:large","max-video-preview":"max-video-preview:-1"},"canonical":"https:\/\/karateclubmetz.fr\/?p=884","og_locale":"fr_FR","og_type":"article","og_title":"Reprise des cours aux Ar\u00e8nes \u00e0 partir du samedi 4 septembre - Karat\u00e9 Club de Metz","og_description":"ATTENTION : D\u00c9LOCALISATION DES COURS DURANT L&rsquo;OPEN DE MOSELLE Durant tout le mois de septembre, les Ar\u00e8nes sont ferm\u00e9es. Les cours seront [&hellip;]","og_url":"https:\/\/karateclubmetz.fr\/?p=884","og_site_name":"Karat\u00e9 Club de Metz","article_publisher":"http:\/\/www.facebook.com\/group.php?gid=107459822611766","article_published_time":"2021-08-29T16:49:51+00:00","article_modified_time":"2021-08-29T16:56:49+00:00","author":"admin5625","twitter_card":"summary_large_image","twitter_misc":{"\u00c9crit par":"admin5625","Dur\u00e9e de lecture estim\u00e9e":"1 minute"},"schema":{"@context":"https:\/\/schema.org","@graph":[{"@type":"Article","@id":"https:\/\/karateclubmetz.fr\/?p=884#article","isPartOf":{"@id":"https:\/\/karateclubmetz.fr\/?p=884"},"author":{"name":"admin5625","@id":"https:\/\/karateclubmetz.fr\/#\/schema\/person\/10938ad0e138955389ff178e0d717ddf"},"headline":"Reprise des cours aux Ar\u00e8nes \u00e0 partir du samedi 4 septembre","datePublished":"2021-08-29T16:49:51+00:00","dateModified":"2021-08-29T16:56:49+00:00","mainEntityOfPage":{"@id":"https:\/\/karateclubmetz.fr\/?p=884"},"wordCount":161,"commentCount":0,"publisher":{"@id":"https:\/\/karateclubmetz.fr\/#organization"},"articleSection":["G\u00e9n\u00e9ral"],"inLanguage":"fr-FR","potentialAction":[{"@type":"CommentAction","name":"Comment","target":["https:\/\/karateclubmetz.fr\/?p=884#respond"]}]},{"@type":"WebPage","@id":"https:\/\/karateclubmetz.fr\/?p=884","url":"https:\/\/karateclubmetz.fr\/?p=884","name":"Reprise des cours aux Ar\u00e8nes \u00e0 partir du samedi 4 septembre - Karat\u00e9 Club de Metz","isPartOf":{"@id":"https:\/\/karateclubmetz.fr\/#website"},"datePublished":"2021-08-29T16:49:51+00:00","dateModified":"2021-08-29T16:56:49+00:00","breadcrumb":{"@id":"https:\/\/karateclubmetz.fr\/?p=884#breadcrumb"},"inLanguage":"fr-FR","potentialAction":[{"@type":"ReadAction","target":["https:\/\/karateclubmetz.fr\/?p=884"]}]},{"@type":"BreadcrumbList","@id":"https:\/\/karateclubmetz.fr\/?p=884#breadcrumb","itemListElement":[{"@type":"ListItem","position":1,"name":"Accueil","item":"https:\/\/karateclubmetz.fr\/"},{"@type":"ListItem","position":2,"name":"Reprise des cours aux Ar\u00e8nes \u00e0 partir du samedi 4 septembre"}]},{"@type":"WebSite","@id":"https:\/\/karateclubmetz.fr\/#website","url":"https:\/\/karateclubmetz.fr\/","name":"Karat\u00e9 Club de Metz","description":"Le Karat\u00e9 est dans tout ce que vous faites, L\u00e0 est la beaut\u00e9 du travail","publisher":{"@id":"https:\/\/karateclubmetz.fr\/#organization"},"potentialAction":[{"@type":"SearchAction","target":{"@type":"EntryPoint","urlTemplate":"https:\/\/karateclubmetz.fr\/?s={search_term_string}"},"query-input":"required name=search_term_string"}],"inLanguage":"fr-FR"},{"@type":"Organization","@id":"https:\/\/karateclubmetz.fr\/#organization","name":"Karat\u00e9 Club de Metz","url":"https:\/\/karateclubmetz.fr\/","logo":{"@type":"ImageObject","inLanguage":"fr-FR","@id":"https:\/\/karateclubmetz.fr\/#\/schema\/logo\/image\/","url":"https:\/\/karateclubmetz.fr\/wp-content\/uploads\/2019\/09\/logo_kcm.jpg","contentUrl":"https:\/\/karateclubmetz.fr\/wp-content\/uploads\/2019\/09\/logo_kcm.jpg","width":157,"height":157,"caption":"Karat\u00e9 Club de Metz"},"image":{"@id":"https:\/\/karateclubmetz.fr\/#\/schema\/logo\/image\/"},"sameAs":["http:\/\/www.facebook.com\/group.php?gid=107459822611766","https:\/\/instagram.com\/karate_club_de_metz?igshid=181ca0zciwjvq","https:\/\/www.youtube.com\/watch?v=nm26u2MIRwY"]},{"@type":"Person","@id":"https:\/\/karateclubmetz.fr\/#\/schema\/person\/10938ad0e138955389ff178e0d717ddf","name":"admin5625","image":{"@type":"ImageObject","inLanguage":"fr-FR","@id":"https:\/\/karateclubmetz.fr\/#\/schema\/person\/image\/","url":"https:\/\/secure.gravatar.com\/avatar\/6b7d245f8237d20bfa786356ac2b49c5?s=96&d=mm&r=g","contentUrl":"https:\/\/secure.gravatar.com\/avatar\/6b7d245f8237d20bfa786356ac2b49c5?s=96&d=mm&r=g","caption":"admin5625"}}]}},"_links":{"self":[{"href":"https:\/\/karateclubmetz.fr\/index.php?rest_route=\/wp\/v2\/posts\/884"}],"collection":[{"href":"https:\/\/karateclubmetz.fr\/index.php?rest_route=\/wp\/v2\/posts"}],"about":[{"href":"https:\/\/karateclubmetz.fr\/index.php?rest_route=\/wp\/v2\/types\/post"}],"author":[{"embeddable":true,"href":"https:\/\/karateclubmetz.fr\/index.php?rest_route=\/wp\/v2\/users\/1"}],"replies":[{"embeddable":true,"href":"https:\/\/karateclubmetz.fr\/index.php?rest_route=%2Fwp%2Fv2%2Fcomments&post=884"}],"version-history":[{"count":7,"href":"https:\/\/karateclubmetz.fr\/index.php?rest_route=\/wp\/v2\/posts\/884\/revisions"}],"predecessor-version":[{"id":891,"href":"https:\/\/karateclubmetz.fr\/index.php?rest_route=\/wp\/v2\/posts\/884\/revisions\/891"}],"wp:attachment":[{"href":"https:\/\/karateclubmetz.fr\/index.php?rest_route=%2Fwp%2Fv2%2Fmedia&parent=884"}],"wp:term":[{"taxonomy":"category","embeddable":true,"href":"https:\/\/karateclubmetz.fr\/index.php?rest_route=%2Fwp%2Fv2%2Fcategories&post=884"},{"taxonomy":"post_tag","embeddable":true,"href":"https:\/\/karateclubmetz.fr\/index.php?rest_route=%2Fwp%2Fv2%2Ftags&post=884"}],"curies":[{"name":"wp","href":"https:\/\/api.w.org\/{rel}","templated":true}]}}